{"id":492,"date":"2021-05-12T15:26:15","date_gmt":"2021-05-12T15:26:15","guid":{"rendered":"https:\/\/suplementosinvitta.com\/blog\/?p=492"},"modified":"2023-10-11T13:45:15","modified_gmt":"2023-10-11T11:45:15","slug":"no-por-mucho-madrugar-amanece-mas-temprano","status":"publish","type":"post","link":"https:\/\/suplementosinvitta.com\/blog\/no-por-mucho-madrugar-amanece-mas-temprano\/","title":{"rendered":"No por mucho madrugar amanece m\u00e1s temprano"},"content":{"rendered":"<h3>\u00bfQu\u00e9 es el sue\u00f1o?<\/h3>\n<p>El sue\u00f1o es por definici\u00f3n el deseo o la necesidad de dormir. Una persona necesita como m\u00ednimo entre siete y ocho horas diarias de sue\u00f1o para que su organismo descanse y recargue las pilas. Hay personas que tienen sue\u00f1o en momentos que no deber\u00edan a\u00fan habiendo descansado, de forma intermitente, en medio del d\u00eda\u2026 En el blog de hoy exploramos los motivos por los que esto puede pasar y os lo contamos a trav\u00e9s de la teor\u00eda de las fases del sue\u00f1o.<\/p>\n<p>&nbsp;<\/p>\n<p>&nbsp;<\/p>\n<h3>\u00bfQu\u00e9 pasa mientras dormimos?<\/h3>\n<p>Para responder a esta pregunta hemos recurrido a una explicaci\u00f3n del doctor Juan Gonzalo G\u00f3mez Lomera, m\u00e9dico neur\u00f3logo.<\/p>\n<p>El proceso del sue\u00f1o se divide en fases, en la primera y la segunda se inicia el ciclo del sue\u00f1o, un sue\u00f1o ligero, donde nuestros m\u00fasculos se relajan y ocasionalmente podemos notar espasmos musculares (como sentir que te caes o te tropiezas) yespecialmente en la segunda fase, la temperatura corporal desciende ligeramente y la frecuencia cardiaca disminuye.<\/p>\n<p>&nbsp;<\/p>\n<p>Las fases tres y cuatro resumen lo que ocurre cuando nuestro organismo entra en el estado de sue\u00f1o profundo. Dejamos de ser conscientes de nuestro alrededor, no tenemos ning\u00fan tipo de espasmo muscular y en el caso de despertarnos en alguna de estas dos fases ser\u00eda normal que lo hici\u00e9ramos confusos o desorientados.<\/p>\n<p>La quinta fase es muy interesante, ya que en esta fase el cuerpo est\u00e1 no solo en un estado de sue\u00f1o profundo, sino que tambi\u00e9n est\u00e1 activo, hay movimientos oculares, aumenta la actividad cerebral, nos sube la frecuencia cardiaca y respiramos m\u00e1s r\u00e1pidamente. Levantarnos en esta fase supondr\u00eda una respuesta nerviosa por nuestra parte, como si nos levant\u00e1semos de un susto.<\/p>\n<p>&nbsp;<\/p>\n<p>El conjunto de todas estas fases conforma un ciclo que se repite varias veces y cada ciclo dura unos 90 minutos. La duraci\u00f3n del ciclo es orientativa, ya que cada uno tenemos una forma diferente de dormir, para algunos los ciclos ser\u00e1n m\u00e1s cortos y para otros m\u00e1s largos.<\/p>\n<p>&nbsp;<\/p>\n<p><img loading=\"lazy\" class=\"alignnone wp-image-498\" src=\"https:\/\/suplementosinvitta.com\/blog\/wp-content\/uploads\/2021\/05\/pareja-durmiendo-descanso-300x200.jpg\" alt=\"\" width=\"718\" height=\"478\" srcset=\"https:\/\/suplementosinvitta.com\/blog\/wp-content\/uploads\/2021\/05\/pareja-durmiendo-descanso-300x200.jpg 300w, https:\/\/suplementosinvitta.com\/blog\/wp-content\/uploads\/2021\/05\/pareja-durmiendo-descanso.jpg 960w\" sizes=\"(max-width: 718px) 100vw, 718px\" \/><\/p>\n<h3>\u00bfLas fases del sue\u00f1o tienen algo que ver con levantarse cansado?<\/h3>\n<p>Lo hemos llamado, la resaca del sue\u00f1o. Las fases del sue\u00f1o forman un ciclo, este ciclo se repite varias veces al dormir, sin embargo, \u00bfNos levantamos solo cuando acaba un ciclo? No, el hecho de que un ciclo se repita no quiere decir que nos levantamos solo cuando uno acabe y antes de que empiece otro. Cada uno se levanta en un momento diferente pero lo que s\u00ed es interesante es que si nos levantamos en las fases avanzadas del sue\u00f1o (la 3 o la 4) podr\u00edamos explicar el porqu\u00e9 nos levantamos cansados o desorientados.<\/p>\n<p>&nbsp;<\/p>\n<p>No decidimos en qu\u00e9 fase nos levantamos, no somos un robot, pero s\u00ed que podemos interpretar el comportamiento que tenemos al levantarnos con la fase de sue\u00f1o en la que posiblemente est\u00e1bamos.<\/p>\n<p>Si nos levantamos en una fase de sue\u00f1o profundo, al llevar a cabo nuestra actividad diaria normal, nuestro organismo siempre tendr\u00e1 la sensaci\u00f3n de no haber consolidado de forma completa el sue\u00f1o. De esta forma probablemente has podido dormir ocho horas, pero no has consolidado el sue\u00f1o como deber\u00edas y por ello la reacci\u00f3n de tu cuerpo es causarte somnolencia para poder completar el proceso de descanso.<\/p>\n<p>&nbsp;<\/p>\n<h3>\u00bfPor qu\u00e9 me levanto con sue\u00f1o?<\/h3>\n<p>Esta pregunta tiene m\u00faltiples respuestas, se puede deber a no haber dormido lo suficiente, por estar estresado, por angustia\u2026 los motivos por los que nos levantamos con sue\u00f1o son muy variados pero la respuesta que os proponemos hoy puede llegar a justificar porque a\u00fan cuando no se dan ninguna de las situaciones anteriores seguimos teniendo una sensaci\u00f3n de sue\u00f1o en situaciones en las que no deber\u00edamos.<\/p>\n<p>&nbsp;<\/p>\n<p><a href=\"https:\/\/suplementosinvitta.com\/28-melatonina.html\" target=\"_blank\" rel=\"noopener noreferrer\"><img loading=\"lazy\" class=\"wp-image-496 aligncenter\" src=\"https:\/\/suplementosinvitta.com\/blog\/wp-content\/uploads\/2021\/05\/melatonina-in-vitta-206x300.jpg\" alt=\"\" width=\"590\" height=\"859\" srcset=\"https:\/\/suplementosinvitta.com\/blog\/wp-content\/uploads\/2021\/05\/melatonina-in-vitta-206x300.jpg 206w, https:\/\/suplementosinvitta.com\/blog\/wp-content\/uploads\/2021\/05\/melatonina-in-vitta-704x1024.jpg 704w, https:\/\/suplementosinvitta.com\/blog\/wp-content\/uploads\/2021\/05\/melatonina-in-vitta-768x1117.jpg 768w, https:\/\/suplementosinvitta.com\/blog\/wp-content\/uploads\/2021\/05\/melatonina-in-vitta-742x1080.jpg 742w, https:\/\/suplementosinvitta.com\/blog\/wp-content\/uploads\/2021\/05\/melatonina-in-vitta.jpg 800w\" sizes=\"(max-width: 590px) 100vw, 590px\" \/><\/a><\/p>\n<p>&nbsp;<\/p>\n<p>El sue\u00f1o es todo un mundo, conciliar bien el sue\u00f1o es un factor esencial para llevar a cabo una vida saludable.<\/p>\n<p>Seg\u00fan la Fundaci\u00f3n del Coraz\u00f3n, algunos de los beneficios de dormir correctamente van desde incrementar la creatividad, mejorar la memoria, protecci\u00f3n del coraz\u00f3n hasta perder peso.<\/p>\n<p>Es por esto que las dificultades para dormir no deben de tomarse a la ligera y deben llevarse a cabo algunas pr\u00e1cticas que pueden mejorarlo. Desde In\u00b7Vitta ponemos a tu disposici\u00f3n dos complementos alimenticios que favorecen la conciliaci\u00f3n del sue\u00f1o: <a href=\"https:\/\/suplementosinvitta.com\/34-ansi-vitt.html\" target=\"_blank\" rel=\"noopener noreferrer\"><strong>Ansi Vitt<\/strong><\/a>, con tript\u00f3fano, y <a href=\"https:\/\/suplementosinvitta.com\/28-melatonina.html\" target=\"_blank\" rel=\"noopener noreferrer\"><strong>Melatonina<\/strong><\/a>.<\/p>\n<p>&nbsp;<\/p>\n<p>\u00a1Nos vemos en el pr\u00f3ximo blog!<\/p>\n","protected":false},"excerpt":{"rendered":"<p>\u00bfQu\u00e9 es el sue\u00f1o? El sue\u00f1o es por definici\u00f3n el deseo o la necesidad de dormir. Una persona necesita como m\u00ednimo entre siete y ocho horas diarias de sue\u00f1o para que su organismo descanse y recargue las pilas. Hay personas que tienen sue\u00f1o en momentos que no deber\u00edan a\u00fan habiendo descansado, de forma intermitente, en [&hellip;]<\/p>\n","protected":false},"author":2,"featured_media":497,"comment_status":"open","ping_status":"open","sticky":false,"template":"","format":"standard","meta":{"_et_pb_use_builder":"","_et_pb_old_content":"","_et_gb_content_width":""},"categories":[4,64],"tags":[],"yoast_head":"<!-- This site is optimized with the Yoast SEO plugin v14.9 - https:\/\/yoast.com\/wordpress\/plugins\/seo\/ -->\n<title>No por mucho madrugar amanece m\u00e1s temprano - Blog de In Vitta<\/title>\n<meta name=\"description\" content=\"\u00bfQu\u00e9 es el sue\u00f1o?\u00bfQu\u00e9 pasa mientras dormimos?\u00bfLas fases del sue\u00f1o tienen algo que ver con levantarse cansado?\u00bfPor qu\u00e9 me levanto con sue\u00f1o?\" \/>\n<meta name=\"robots\" content=\"index, follow, max-snippet:-1, max-image-preview:large, max-video-preview:-1\" \/>\n<link rel=\"canonical\" href=\"https:\/\/suplementosinvitta.com\/blog\/no-por-mucho-madrugar-amanece-mas-temprano\/\" \/>\n<meta property=\"og:locale\" content=\"es_ES\" \/>\n<meta property=\"og:type\" content=\"article\" \/>\n<meta property=\"og:title\" content=\"No por mucho madrugar amanece m\u00e1s temprano - Blog de In Vitta\" \/>\n<meta property=\"og:description\" content=\"\u00bfQu\u00e9 es el sue\u00f1o?\u00bfQu\u00e9 pasa mientras dormimos?\u00bfLas fases del sue\u00f1o tienen algo que ver con levantarse cansado?\u00bfPor qu\u00e9 me levanto con sue\u00f1o?\" \/>\n<meta property=\"og:url\" content=\"https:\/\/suplementosinvitta.com\/blog\/no-por-mucho-madrugar-amanece-mas-temprano\/\" \/>\n<meta property=\"og:site_name\" content=\"Blog de In Vitta\" \/>\n<meta property=\"article:published_time\" content=\"2021-05-12T15:26:15+00:00\" \/>\n<meta property=\"article:modified_time\" content=\"2023-10-11T11:45:15+00:00\" \/>\n<meta property=\"og:image\" content=\"https:\/\/suplementosinvitta.com\/blog\/wp-content\/uploads\/2021\/05\/mujer-durmiendo-cama.jpg\" \/>\n\t<meta property=\"og:image:width\" content=\"948\" \/>\n\t<meta property=\"og:image:height\" content=\"632\" \/>\n<meta name=\"twitter:card\" content=\"summary_large_image\" \/>\n<script type=\"application\/ld+json\" class=\"yoast-schema-graph\">{\"@context\":\"https:\/\/schema.org\",\"@graph\":[{\"@type\":\"WebSite\",\"@id\":\"https:\/\/suplementosinvitta.com\/blog\/#website\",\"url\":\"https:\/\/suplementosinvitta.com\/blog\/\",\"name\":\"Blog de In Vitta\",\"description\":\"Salud Natural y Alimentaci\\u00f3n Saludable\",\"potentialAction\":[{\"@type\":\"SearchAction\",\"target\":\"https:\/\/suplementosinvitta.com\/blog\/?s={search_term_string}\",\"query-input\":\"required name=search_term_string\"}],\"inLanguage\":\"es\"},{\"@type\":\"ImageObject\",\"@id\":\"https:\/\/suplementosinvitta.com\/blog\/no-por-mucho-madrugar-amanece-mas-temprano\/#primaryimage\",\"inLanguage\":\"es\",\"url\":\"https:\/\/suplementosinvitta.com\/blog\/wp-content\/uploads\/2021\/05\/mujer-durmiendo-cama.jpg\",\"width\":948,\"height\":632},{\"@type\":\"WebPage\",\"@id\":\"https:\/\/suplementosinvitta.com\/blog\/no-por-mucho-madrugar-amanece-mas-temprano\/#webpage\",\"url\":\"https:\/\/suplementosinvitta.com\/blog\/no-por-mucho-madrugar-amanece-mas-temprano\/\",\"name\":\"No por mucho madrugar amanece m\\u00e1s temprano - Blog de In Vitta\",\"isPartOf\":{\"@id\":\"https:\/\/suplementosinvitta.com\/blog\/#website\"},\"primaryImageOfPage\":{\"@id\":\"https:\/\/suplementosinvitta.com\/blog\/no-por-mucho-madrugar-amanece-mas-temprano\/#primaryimage\"},\"datePublished\":\"2021-05-12T15:26:15+00:00\",\"dateModified\":\"2023-10-11T11:45:15+00:00\",\"author\":{\"@id\":\"https:\/\/suplementosinvitta.com\/blog\/#\/schema\/person\/76b953481c46de120e6c927dfc4a60c1\"},\"description\":\"\\u00bfQu\\u00e9 es el sue\\u00f1o?\\u00bfQu\\u00e9 pasa mientras dormimos?\\u00bfLas fases del sue\\u00f1o tienen algo que ver con levantarse cansado?\\u00bfPor qu\\u00e9 me levanto con sue\\u00f1o?\",\"inLanguage\":\"es\",\"potentialAction\":[{\"@type\":\"ReadAction\",\"target\":[\"https:\/\/suplementosinvitta.com\/blog\/no-por-mucho-madrugar-amanece-mas-temprano\/\"]}]},{\"@type\":\"Person\",\"@id\":\"https:\/\/suplementosinvitta.com\/blog\/#\/schema\/person\/76b953481c46de120e6c927dfc4a60c1\",\"name\":\"In Vitta\",\"image\":{\"@type\":\"ImageObject\",\"@id\":\"https:\/\/suplementosinvitta.com\/blog\/#personlogo\",\"inLanguage\":\"es\",\"url\":\"https:\/\/secure.gravatar.com\/avatar\/9bfce6437415638c30d36bea5d731471?s=96&d=mm&r=g\",\"caption\":\"In Vitta\"}}]}<\/script>\n<!-- \/ Yoast SEO plugin. -->","_links":{"self":[{"href":"https:\/\/suplementosinvitta.com\/blog\/wp-json\/wp\/v2\/posts\/492"}],"collection":[{"href":"https:\/\/suplementosinvitta.com\/blog\/wp-json\/wp\/v2\/posts"}],"about":[{"href":"https:\/\/suplementosinvitta.com\/blog\/wp-json\/wp\/v2\/types\/post"}],"author":[{"embeddable":true,"href":"https:\/\/suplementosinvitta.com\/blog\/wp-json\/wp\/v2\/users\/2"}],"replies":[{"embeddable":true,"href":"https:\/\/suplementosinvitta.com\/blog\/wp-json\/wp\/v2\/comments?post=492"}],"version-history":[{"count":4,"href":"https:\/\/suplementosinvitta.com\/blog\/wp-json\/wp\/v2\/posts\/492\/revisions"}],"predecessor-version":[{"id":500,"href":"https:\/\/suplementosinvitta.com\/blog\/wp-json\/wp\/v2\/posts\/492\/revisions\/500"}],"wp:featuredmedia":[{"embeddable":true,"href":"https:\/\/suplementosinvitta.com\/blog\/wp-json\/wp\/v2\/media\/497"}],"wp:attachment":[{"href":"https:\/\/suplementosinvitta.com\/blog\/wp-json\/wp\/v2\/media?parent=492"}],"wp:term":[{"taxonomy":"category","embeddable":true,"href":"https:\/\/suplementosinvitta.com\/blog\/wp-json\/wp\/v2\/categories?post=492"},{"taxonomy":"post_tag","embeddable":true,"href":"https:\/\/suplementosinvitta.com\/blog\/wp-json\/wp\/v2\/tags?post=492"}],"curies":[{"name":"wp","href":"https:\/\/api.w.org\/{rel}","templated":true}]}}